{"id":21305,"date":"2021-09-13T11:44:35","date_gmt":"2021-09-13T17:44:35","guid":{"rendered":"https:\/\/misionintegralvida.org\/es\/?p=21305"},"modified":"2022-11-18T13:05:53","modified_gmt":"2022-11-18T19:05:53","slug":"historias-de-transformacion-jose-mendez-toj","status":"publish","type":"post","link":"https:\/\/misionintegralvida.org\/es\/testimonios\/historias-de-transformacion-jose-mendez-toj\/","title":{"rendered":"Historias de transformaci\u00f3n Jos\u00e9 M\u00e9ndez Toj"},"content":{"rendered":"<h2>HISTORIA DE VIDA<\/h2>\n<p>El divorcio entre el que hacer de la iglesia y la comunidad es muy marcado en Guatemala, a pesar de que la biblia nos ense\u00f1a que la misi\u00f3n de la iglesia es integral. Un pastor de la iglesia \u201cMonte Sina\u00ed\u201d de las Asambleas de Dios, llamado Jos\u00e9 M\u00e9ndez Toj, con 46 a\u00f1os de edad, de la comunidad rural de Paquip, municipio de Tecp\u00e1n, perteneciente al grupo ind\u00edgena Kaqchikel, relata como la iglesia no debe separa el decir con el pensar y el actuar.<\/p>\n<p>Antes de ser pastor yo me dedicaba a la micro agricultura, como la mayor\u00eda de los miembros de mi comunidad, era indiferente a lo que pasaba a mi alrededor. despu\u00e9s fui llamado por el Se\u00f1os a pastorear una peque\u00f1a iglesia, mis mensajes se enfocaban \u00fanicamente a la vida espiritual de los miembros. Un d\u00eda <strong>conoc\u00ed a Asociaci\u00f3n Vida<\/strong> y ellos me capacitaron e involucraron en el tema de la misi\u00f3n integral de la iglesia, algo que yo no hab\u00eda escuchado ni entendido.<\/p>\n<p>En ese proceso, nos sorprendi\u00f3 la tormenta AGATA, la que afecto a muchas familias de varias comunidades de la regi\u00f3n, como iglesia y con el acompa\u00f1amiento de Asociaci\u00f3n Vida, hicimos una coordinaci\u00f3n y proceso con los l\u00edderes de las comunidades, para reubicar a 16 familias m\u00e1s afectadas en un lugar seguro, logrando dotarlos de viviendas, sistema de agua y energ\u00eda el\u00e9ctrica, as\u00ed mismo, gestionamos la construcci\u00f3n de viviendas m\u00ednimas para otras familias en extrema pobreza y capacitar a un miembro de la comunidad como promotora de salud para la comunidad.<\/p>\n<p>Como pastor y por el crecimiento y la movilizaci\u00f3n de la iglesia, en una asamblea de la comunidad me eligen como alcalde comunitario (l\u00edder principal) por un a\u00f1o y posteriormente como presidente del Consejo Comunitario de Desarrollo, donde tuve la oportunidad de coordinar el trabajo de 70 l\u00edderes para el desarrollo de la comunidad, como resultado tuvimos el mejoramiento de las calles principales, estudio t\u00e9cnico para un mercado local, mejoramiento de la educaci\u00f3n y mejora en la salud de la comunidad, esto despert\u00f3 la conciencia de otras iglesias para involucrarse en el desarrollo de la comunidad.<\/p>\n<p>Las comunidades han tenido mayor confianza en la iglesia Evang\u00e9lica, Actualmente soy el presidente de la asociaci\u00f3n de 13 comunidades (mancomunidades) gestionando ser elevados a la categor\u00eda de Municipio por el Congreso de la Republica de Guatemala, lo que nos ha llevado a mesas de di\u00e1logo, cabildeo y acciones de incidencia con funcionarios de gobierno a nivel nacional, departamental y municipal, con esto, buscamos mayores oportunidades de desarrollo integral para 10,500 personas a mediano y largo plazo sin dejar de ser la iglesia b\u00edblica que Dios nos demanda.<\/p>\n<p><strong>Hecho por: Mardoqueo Larez<\/strong><\/p>\n","protected":false},"excerpt":{"rendered":"<p>HISTORIA DE VIDA El divorcio entre el que hacer de la iglesia y la comunidad es muy marcado en Guatemala, a pesar de que la biblia nos ense\u00f1a que la misi\u00f3n de la iglesia es integral. Un pastor de la iglesia \u201cMonte Sina\u00ed\u201d de las Asambleas de Dios, llamado Jos\u00e9 M\u00e9ndez Toj, con 46 a\u00f1os&#8230;<\/p>\n","protected":false},"author":1,"featured_media":21093,"comment_status":"open","ping_status":"open","sticky":false,"template":"","format":"standard","meta":{"footnotes":""},"categories":[118],"tags":[],"class_list":["post-21305","post","type-post","status-publish","format-standard","has-post-thumbnail","hentry","category-testimonios"],"yoast_head":"<!-- This site is optimized with the Yoast SEO plugin v24.6 - https:\/\/yoast.com\/wordpress\/plugins\/seo\/ -->\r\n<title>Historias de transformaci\u00f3n Jos\u00e9 M\u00e9ndez Toj - Asociaci\u00f3n Vida Patz\u00fan<\/title>\r\n<meta name=\"description\" content=\"Testimonio de transformaci\u00f3n Jos\u00e9 M\u00e9ndez Toj, pastor de la iglesia \u201cMonte Sina\u00ed\u201d de las Asambleas de Dios.\" \/>\r\n<meta name=\"robots\" content=\"index, follow, max-snippet:-1, max-image-preview:large, max-video-preview:-1\" \/>\r\n<link rel=\"canonical\" href=\"https:\/\/misionintegralvida.org\/es\/testimonios\/historias-de-transformacion-jose-mendez-toj\/\" \/>\r\n<meta property=\"og:locale\" content=\"es_ES\" \/>\r\n<meta property=\"og:type\" content=\"article\" \/>\r\n<meta property=\"og:title\" content=\"Historias de transformaci\u00f3n Jos\u00e9 M\u00e9ndez Toj - Asociaci\u00f3n Vida Patz\u00fan\" \/>\r\n<meta property=\"og:description\" content=\"Testimonio de transformaci\u00f3n Jos\u00e9 M\u00e9ndez Toj, pastor de la iglesia \u201cMonte Sina\u00ed\u201d de las Asambleas de Dios.\" \/>\r\n<meta property=\"og:url\" content=\"https:\/\/misionintegralvida.org\/es\/testimonios\/historias-de-transformacion-jose-mendez-toj\/\" \/>\r\n<meta property=\"og:site_name\" content=\"Asociaci\u00f3n Vida Patz\u00fan\" \/>\r\n<meta property=\"article:published_time\" content=\"2021-09-13T17:44:35+00:00\" \/>\r\n<meta property=\"article:modified_time\" content=\"2022-11-18T19:05:53+00:00\" \/>\r\n<meta property=\"og:image\" content=\"https:\/\/misionintegralvida.org\/es\/wp-content\/uploads\/2021\/09\/post-quienes-somos-02.jpg\" \/>\r\n\t<meta property=\"og:image:width\" content=\"1300\" \/>\r\n\t<meta property=\"og:image:height\" content=\"850\" \/>\r\n\t<meta property=\"og:image:type\" content=\"image\/jpeg\" \/>\r\n<meta name=\"author\" content=\"Misi\u00f3n Integral Vida\" \/>\r\n<meta name=\"twitter:card\" content=\"summary_large_image\" \/>\r\n<meta name=\"twitter:label1\" content=\"Escrito por\" \/>\n\t<meta name=\"twitter:data1\" content=\"Misi\u00f3n Integral Vida\" \/>\n\t<meta name=\"twitter:label2\" content=\"Tiempo de lectura\" \/>\n\t<meta name=\"twitter:data2\" content=\"3 minutos\" \/>\r\n<script type=\"application\/ld+json\" class=\"yoast-schema-graph\">{\"@context\":\"https:\/\/schema.org\",\"@graph\":[{\"@type\":\"Article\",\"@id\":\"https:\/\/misionintegralvida.org\/es\/testimonios\/historias-de-transformacion-jose-mendez-toj\/#article\",\"isPartOf\":{\"@id\":\"https:\/\/misionintegralvida.org\/es\/testimonios\/historias-de-transformacion-jose-mendez-toj\/\"},\"author\":{\"name\":\"Misi\u00f3n Integral Vida\",\"@id\":\"https:\/\/misionintegralvida.org\/es\/#\/schema\/person\/58e5e916373f6ff36b8786770ac97666\"},\"headline\":\"Historias de transformaci\u00f3n Jos\u00e9 M\u00e9ndez Toj\",\"datePublished\":\"2021-09-13T17:44:35+00:00\",\"dateModified\":\"2022-11-18T19:05:53+00:00\",\"mainEntityOfPage\":{\"@id\":\"https:\/\/misionintegralvida.org\/es\/testimonios\/historias-de-transformacion-jose-mendez-toj\/\"},\"wordCount\":484,\"commentCount\":0,\"publisher\":{\"@id\":\"https:\/\/misionintegralvida.org\/es\/#organization\"},\"image\":{\"@id\":\"https:\/\/misionintegralvida.org\/es\/testimonios\/historias-de-transformacion-jose-mendez-toj\/#primaryimage\"},\"thumbnailUrl\":\"https:\/\/misionintegralvida.org\/es\/wp-content\/uploads\/2021\/09\/post-quienes-somos-02.jpg\",\"articleSection\":[\"Testimonios\"],\"inLanguage\":\"es\",\"potentialAction\":[{\"@type\":\"CommentAction\",\"name\":\"Comment\",\"target\":[\"https:\/\/misionintegralvida.org\/es\/testimonios\/historias-de-transformacion-jose-mendez-toj\/#respond\"]}]},{\"@type\":\"WebPage\",\"@id\":\"https:\/\/misionintegralvida.org\/es\/testimonios\/historias-de-transformacion-jose-mendez-toj\/\",\"url\":\"https:\/\/misionintegralvida.org\/es\/testimonios\/historias-de-transformacion-jose-mendez-toj\/\",\"name\":\"Historias de transformaci\u00f3n Jos\u00e9 M\u00e9ndez Toj - Asociaci\u00f3n Vida Patz\u00fan\",\"isPartOf\":{\"@id\":\"https:\/\/misionintegralvida.org\/es\/#website\"},\"primaryImageOfPage\":{\"@id\":\"https:\/\/misionintegralvida.org\/es\/testimonios\/historias-de-transformacion-jose-mendez-toj\/#primaryimage\"},\"image\":{\"@id\":\"https:\/\/misionintegralvida.org\/es\/testimonios\/historias-de-transformacion-jose-mendez-toj\/#primaryimage\"},\"thumbnailUrl\":\"https:\/\/misionintegralvida.org\/es\/wp-content\/uploads\/2021\/09\/post-quienes-somos-02.jpg\",\"datePublished\":\"2021-09-13T17:44:35+00:00\",\"dateModified\":\"2022-11-18T19:05:53+00:00\",\"description\":\"Testimonio de transformaci\u00f3n Jos\u00e9 M\u00e9ndez Toj, pastor de la iglesia \u201cMonte Sina\u00ed\u201d de las Asambleas de Dios.\",\"breadcrumb\":{\"@id\":\"https:\/\/misionintegralvida.org\/es\/testimonios\/historias-de-transformacion-jose-mendez-toj\/#breadcrumb\"},\"inLanguage\":\"es\",\"potentialAction\":[{\"@type\":\"ReadAction\",\"target\":[\"https:\/\/misionintegralvida.org\/es\/testimonios\/historias-de-transformacion-jose-mendez-toj\/\"]}]},{\"@type\":\"ImageObject\",\"inLanguage\":\"es\",\"@id\":\"https:\/\/misionintegralvida.org\/es\/testimonios\/historias-de-transformacion-jose-mendez-toj\/#primaryimage\",\"url\":\"https:\/\/misionintegralvida.org\/es\/wp-content\/uploads\/2021\/09\/post-quienes-somos-02.jpg\",\"contentUrl\":\"https:\/\/misionintegralvida.org\/es\/wp-content\/uploads\/2021\/09\/post-quienes-somos-02.jpg\",\"width\":1300,\"height\":850,\"caption\":\"Historia de Transformaci\u00f3n- Asociaci\u00f3n Vida\"},{\"@type\":\"BreadcrumbList\",\"@id\":\"https:\/\/misionintegralvida.org\/es\/testimonios\/historias-de-transformacion-jose-mendez-toj\/#breadcrumb\",\"itemListElement\":[{\"@type\":\"ListItem\",\"position\":1,\"name\":\"Portada\",\"item\":\"https:\/\/misionintegralvida.org\/es\/\"},{\"@type\":\"ListItem\",\"position\":2,\"name\":\"Historias de transformaci\u00f3n Jos\u00e9 M\u00e9ndez Toj\"}]},{\"@type\":\"WebSite\",\"@id\":\"https:\/\/misionintegralvida.org\/es\/#website\",\"url\":\"https:\/\/misionintegralvida.org\/es\/\",\"name\":\"Asociaci\u00f3n Vida Patz\u00fan\",\"description\":\"Creando Soluciones Transformado Vidas en el nombre de Jes\u00fas\",\"publisher\":{\"@id\":\"https:\/\/misionintegralvida.org\/es\/#organization\"},\"potentialAction\":[{\"@type\":\"SearchAction\",\"target\":{\"@type\":\"EntryPoint\",\"urlTemplate\":\"https:\/\/misionintegralvida.org\/es\/?s={search_term_string}\"},\"query-input\":{\"@type\":\"PropertyValueSpecification\",\"valueRequired\":true,\"valueName\":\"search_term_string\"}}],\"inLanguage\":\"es\"},{\"@type\":\"Organization\",\"@id\":\"https:\/\/misionintegralvida.org\/es\/#organization\",\"name\":\"Asociaci\u00f3n Vida Patz\u00fan\",\"url\":\"https:\/\/misionintegralvida.org\/es\/\",\"logo\":{\"@type\":\"ImageObject\",\"inLanguage\":\"es\",\"@id\":\"https:\/\/misionintegralvida.org\/es\/#\/schema\/logo\/image\/\",\"url\":\"https:\/\/misionintegralvida.org\/es\/wp-content\/uploads\/2021\/07\/logo_asoc-01.png\",\"contentUrl\":\"https:\/\/misionintegralvida.org\/es\/wp-content\/uploads\/2021\/07\/logo_asoc-01.png\",\"width\":275,\"height\":50,\"caption\":\"Asociaci\u00f3n Vida Patz\u00fan\"},\"image\":{\"@id\":\"https:\/\/misionintegralvida.org\/es\/#\/schema\/logo\/image\/\"}},{\"@type\":\"Person\",\"@id\":\"https:\/\/misionintegralvida.org\/es\/#\/schema\/person\/58e5e916373f6ff36b8786770ac97666\",\"name\":\"Misi\u00f3n Integral Vida\",\"image\":{\"@type\":\"ImageObject\",\"inLanguage\":\"es\",\"@id\":\"https:\/\/misionintegralvida.org\/es\/#\/schema\/person\/image\/\",\"url\":\"https:\/\/secure.gravatar.com\/avatar\/ef21bfebe62652f02a4e3d38bc78f5ad?s=96&d=mm&r=g\",\"contentUrl\":\"https:\/\/secure.gravatar.com\/avatar\/ef21bfebe62652f02a4e3d38bc78f5ad?s=96&d=mm&r=g\",\"caption\":\"Misi\u00f3n Integral Vida\"},\"sameAs\":[\"https:\/\/misionintegralvida.org\/es\"],\"url\":\"https:\/\/misionintegralvida.org\/es\/author\/mision_v_a\/\"}]}<\/script>\r\n<!-- \/ Yoast SEO plugin. -->","yoast_head_json":{"title":"Historias de transformaci\u00f3n Jos\u00e9 M\u00e9ndez Toj - Asociaci\u00f3n Vida Patz\u00fan","description":"Testimonio de transformaci\u00f3n Jos\u00e9 M\u00e9ndez Toj, pastor de la iglesia \u201cMonte Sina\u00ed\u201d de las Asambleas de Dios.","robots":{"index":"index","follow":"follow","max-snippet":"max-snippet:-1","max-image-preview":"max-image-preview:large","max-video-preview":"max-video-preview:-1"},"canonical":"https:\/\/misionintegralvida.org\/es\/testimonios\/historias-de-transformacion-jose-mendez-toj\/","og_locale":"es_ES","og_type":"article","og_title":"Historias de transformaci\u00f3n Jos\u00e9 M\u00e9ndez Toj - Asociaci\u00f3n Vida Patz\u00fan","og_description":"Testimonio de transformaci\u00f3n Jos\u00e9 M\u00e9ndez Toj, pastor de la iglesia \u201cMonte Sina\u00ed\u201d de las Asambleas de Dios.","og_url":"https:\/\/misionintegralvida.org\/es\/testimonios\/historias-de-transformacion-jose-mendez-toj\/","og_site_name":"Asociaci\u00f3n Vida Patz\u00fan","article_published_time":"2021-09-13T17:44:35+00:00","article_modified_time":"2022-11-18T19:05:53+00:00","og_image":[{"width":1300,"height":850,"url":"https:\/\/misionintegralvida.org\/es\/wp-content\/uploads\/2021\/09\/post-quienes-somos-02.jpg","type":"image\/jpeg"}],"author":"Misi\u00f3n Integral Vida","twitter_card":"summary_large_image","twitter_misc":{"Escrito por":"Misi\u00f3n Integral Vida","Tiempo de lectura":"3 minutos"},"schema":{"@context":"https:\/\/schema.org","@graph":[{"@type":"Article","@id":"https:\/\/misionintegralvida.org\/es\/testimonios\/historias-de-transformacion-jose-mendez-toj\/#article","isPartOf":{"@id":"https:\/\/misionintegralvida.org\/es\/testimonios\/historias-de-transformacion-jose-mendez-toj\/"},"author":{"name":"Misi\u00f3n Integral Vida","@id":"https:\/\/misionintegralvida.org\/es\/#\/schema\/person\/58e5e916373f6ff36b8786770ac97666"},"headline":"Historias de transformaci\u00f3n Jos\u00e9 M\u00e9ndez Toj","datePublished":"2021-09-13T17:44:35+00:00","dateModified":"2022-11-18T19:05:53+00:00","mainEntityOfPage":{"@id":"https:\/\/misionintegralvida.org\/es\/testimonios\/historias-de-transformacion-jose-mendez-toj\/"},"wordCount":484,"commentCount":0,"publisher":{"@id":"https:\/\/misionintegralvida.org\/es\/#organization"},"image":{"@id":"https:\/\/misionintegralvida.org\/es\/testimonios\/historias-de-transformacion-jose-mendez-toj\/#primaryimage"},"thumbnailUrl":"https:\/\/misionintegralvida.org\/es\/wp-content\/uploads\/2021\/09\/post-quienes-somos-02.jpg","articleSection":["Testimonios"],"inLanguage":"es","potentialAction":[{"@type":"CommentAction","name":"Comment","target":["https:\/\/misionintegralvida.org\/es\/testimonios\/historias-de-transformacion-jose-mendez-toj\/#respond"]}]},{"@type":"WebPage","@id":"https:\/\/misionintegralvida.org\/es\/testimonios\/historias-de-transformacion-jose-mendez-toj\/","url":"https:\/\/misionintegralvida.org\/es\/testimonios\/historias-de-transformacion-jose-mendez-toj\/","name":"Historias de transformaci\u00f3n Jos\u00e9 M\u00e9ndez Toj - Asociaci\u00f3n Vida Patz\u00fan","isPartOf":{"@id":"https:\/\/misionintegralvida.org\/es\/#website"},"primaryImageOfPage":{"@id":"https:\/\/misionintegralvida.org\/es\/testimonios\/historias-de-transformacion-jose-mendez-toj\/#primaryimage"},"image":{"@id":"https:\/\/misionintegralvida.org\/es\/testimonios\/historias-de-transformacion-jose-mendez-toj\/#primaryimage"},"thumbnailUrl":"https:\/\/misionintegralvida.org\/es\/wp-content\/uploads\/2021\/09\/post-quienes-somos-02.jpg","datePublished":"2021-09-13T17:44:35+00:00","dateModified":"2022-11-18T19:05:53+00:00","description":"Testimonio de transformaci\u00f3n Jos\u00e9 M\u00e9ndez Toj, pastor de la iglesia \u201cMonte Sina\u00ed\u201d de las Asambleas de Dios.","breadcrumb":{"@id":"https:\/\/misionintegralvida.org\/es\/testimonios\/historias-de-transformacion-jose-mendez-toj\/#breadcrumb"},"inLanguage":"es","potentialAction":[{"@type":"ReadAction","target":["https:\/\/misionintegralvida.org\/es\/testimonios\/historias-de-transformacion-jose-mendez-toj\/"]}]},{"@type":"ImageObject","inLanguage":"es","@id":"https:\/\/misionintegralvida.org\/es\/testimonios\/historias-de-transformacion-jose-mendez-toj\/#primaryimage","url":"https:\/\/misionintegralvida.org\/es\/wp-content\/uploads\/2021\/09\/post-quienes-somos-02.jpg","contentUrl":"https:\/\/misionintegralvida.org\/es\/wp-content\/uploads\/2021\/09\/post-quienes-somos-02.jpg","width":1300,"height":850,"caption":"Historia de Transformaci\u00f3n- Asociaci\u00f3n Vida"},{"@type":"BreadcrumbList","@id":"https:\/\/misionintegralvida.org\/es\/testimonios\/historias-de-transformacion-jose-mendez-toj\/#breadcrumb","itemListElement":[{"@type":"ListItem","position":1,"name":"Portada","item":"https:\/\/misionintegralvida.org\/es\/"},{"@type":"ListItem","position":2,"name":"Historias de transformaci\u00f3n Jos\u00e9 M\u00e9ndez Toj"}]},{"@type":"WebSite","@id":"https:\/\/misionintegralvida.org\/es\/#website","url":"https:\/\/misionintegralvida.org\/es\/","name":"Asociaci\u00f3n Vida Patz\u00fan","description":"Creando Soluciones Transformado Vidas en el nombre de Jes\u00fas","publisher":{"@id":"https:\/\/misionintegralvida.org\/es\/#organization"},"potentialAction":[{"@type":"SearchAction","target":{"@type":"EntryPoint","urlTemplate":"https:\/\/misionintegralvida.org\/es\/?s={search_term_string}"},"query-input":{"@type":"PropertyValueSpecification","valueRequired":true,"valueName":"search_term_string"}}],"inLanguage":"es"},{"@type":"Organization","@id":"https:\/\/misionintegralvida.org\/es\/#organization","name":"Asociaci\u00f3n Vida Patz\u00fan","url":"https:\/\/misionintegralvida.org\/es\/","logo":{"@type":"ImageObject","inLanguage":"es","@id":"https:\/\/misionintegralvida.org\/es\/#\/schema\/logo\/image\/","url":"https:\/\/misionintegralvida.org\/es\/wp-content\/uploads\/2021\/07\/logo_asoc-01.png","contentUrl":"https:\/\/misionintegralvida.org\/es\/wp-content\/uploads\/2021\/07\/logo_asoc-01.png","width":275,"height":50,"caption":"Asociaci\u00f3n Vida Patz\u00fan"},"image":{"@id":"https:\/\/misionintegralvida.org\/es\/#\/schema\/logo\/image\/"}},{"@type":"Person","@id":"https:\/\/misionintegralvida.org\/es\/#\/schema\/person\/58e5e916373f6ff36b8786770ac97666","name":"Misi\u00f3n Integral Vida","image":{"@type":"ImageObject","inLanguage":"es","@id":"https:\/\/misionintegralvida.org\/es\/#\/schema\/person\/image\/","url":"https:\/\/secure.gravatar.com\/avatar\/ef21bfebe62652f02a4e3d38bc78f5ad?s=96&d=mm&r=g","contentUrl":"https:\/\/secure.gravatar.com\/avatar\/ef21bfebe62652f02a4e3d38bc78f5ad?s=96&d=mm&r=g","caption":"Misi\u00f3n Integral Vida"},"sameAs":["https:\/\/misionintegralvida.org\/es"],"url":"https:\/\/misionintegralvida.org\/es\/author\/mision_v_a\/"}]}},"_links":{"self":[{"href":"https:\/\/misionintegralvida.org\/es\/wp-json\/wp\/v2\/posts\/21305","targetHints":{"allow":["GET"]}}],"collection":[{"href":"https:\/\/misionintegralvida.org\/es\/wp-json\/wp\/v2\/posts"}],"about":[{"href":"https:\/\/misionintegralvida.org\/es\/wp-json\/wp\/v2\/types\/post"}],"author":[{"embeddable":true,"href":"https:\/\/misionintegralvida.org\/es\/wp-json\/wp\/v2\/users\/1"}],"replies":[{"embeddable":true,"href":"https:\/\/misionintegralvida.org\/es\/wp-json\/wp\/v2\/comments?post=21305"}],"version-history":[{"count":2,"href":"https:\/\/misionintegralvida.org\/es\/wp-json\/wp\/v2\/posts\/21305\/revisions"}],"predecessor-version":[{"id":21575,"href":"https:\/\/misionintegralvida.org\/es\/wp-json\/wp\/v2\/posts\/21305\/revisions\/21575"}],"wp:featuredmedia":[{"embeddable":true,"href":"https:\/\/misionintegralvida.org\/es\/wp-json\/wp\/v2\/media\/21093"}],"wp:attachment":[{"href":"https:\/\/misionintegralvida.org\/es\/wp-json\/wp\/v2\/media?parent=21305"}],"wp:term":[{"taxonomy":"category","embeddable":true,"href":"https:\/\/misionintegralvida.org\/es\/wp-json\/wp\/v2\/categories?post=21305"},{"taxonomy":"post_tag","embeddable":true,"href":"https:\/\/misionintegralvida.org\/es\/wp-json\/wp\/v2\/tags?post=21305"}],"curies":[{"name":"wp","href":"https:\/\/api.w.org\/{rel}","templated":true}]}}