{"id":21285,"date":"2021-09-13T11:12:57","date_gmt":"2021-09-13T17:12:57","guid":{"rendered":"https:\/\/misionintegralvida.org\/es\/?p=21285"},"modified":"2022-11-15T16:00:27","modified_gmt":"2022-11-15T22:00:27","slug":"programa-de-solidaridad","status":"publish","type":"post","link":"https:\/\/misionintegralvida.org\/es\/proyectos-de-ayuda\/programa-de-solidaridad\/","title":{"rendered":"Programa de solidaridad"},"content":{"rendered":"<p>Es un programa donde proveemos de alimentos, tratamientos m\u00e9dicos en cl\u00ednicas privadas, traslados en ambulancias a hospitales, vitaminas y medicamentos para el bienestar de los mas vulnerables que nos visitan diariamente.<\/p>\n<p>\u00danete a este equipo de voluntarios donde ofrecemos una esperanza en el nombre de Jes\u00fas.<\/p>\n<p><img fetchpriority=\"high\" decoding=\"async\" class=\"aligncenter size-large wp-image-21286\" src=\"https:\/\/misionintegralvida.org\/es\/wp-content\/uploads\/2021\/09\/post-solidaridad-02-1024x670.jpg\" alt=\"Ayuda a necesitados - Asociaci\u00f3n Vida\" width=\"1024\" height=\"670\" srcset=\"https:\/\/misionintegralvida.org\/es\/wp-content\/uploads\/2021\/09\/post-solidaridad-02-1024x670.jpg 1024w, https:\/\/misionintegralvida.org\/es\/wp-content\/uploads\/2021\/09\/post-solidaridad-02-600x392.jpg 600w, https:\/\/misionintegralvida.org\/es\/wp-content\/uploads\/2021\/09\/post-solidaridad-02-300x196.jpg 300w, https:\/\/misionintegralvida.org\/es\/wp-content\/uploads\/2021\/09\/post-solidaridad-02-768x502.jpg 768w, https:\/\/misionintegralvida.org\/es\/wp-content\/uploads\/2021\/09\/post-solidaridad-02.jpg 1300w\" sizes=\"(max-width: 1024px) 100vw, 1024px\" \/><\/p>\n<div class=\"su-row\">\n<div class=\"su-column su-column-size-1-2\"><div class=\"su-column-inner su-u-clearfix su-u-trim\">\n<div class=\"su-button-center\"><a href=\"https:\/\/misionintegralvida.org\/Donation\/Donation.aspx?lang=es\" class=\"su-button su-button-style-default\" style=\"color:#FFFFFF;background-color:#2D89EF;border-color:#246ec0;border-radius:11px\" target=\"_self\"><span style=\"color:#FFFFFF;padding:9px 28px;font-size:21px;line-height:32px;border-color:#6cadf4;border-radius:11px;text-shadow:none\"><i class=\"sui sui-money\" style=\"font-size:21px;color:#FFFFFF\"><\/i> Donar a la causa<\/span><\/a><\/div>\n<\/div><\/div>\n<div class=\"su-column su-column-size-1-2\"><div class=\"su-column-inner su-u-clearfix su-u-trim\">\n<div class=\"su-button-center\"><a href=\"https:\/\/misionintegralvida.org\/es\/us-donation\/\" class=\"su-button su-button-style-default\" style=\"color:#FFFFFF;background-color:#2D89EF;border-color:#246ec0;border-radius:11px\" target=\"_self\"><span style=\"color:#FFFFFF;padding:9px 28px;font-size:21px;line-height:32px;border-color:#6cadf4;border-radius:11px;text-shadow:none\"><i class=\"sui sui-money\" style=\"font-size:21px;color:#FFFFFF\"><\/i> US Donation<\/span><\/a><\/div>\n<\/div><\/div>\n<\/div>\n<div class=\"su-box su-box-style-default\" id=\"\" style=\"border-color:#000000;border-radius:3px\"><div class=\"su-box-title\" style=\"background-color:#333333;color:#FFFFFF;border-top-left-radius:1px;border-top-right-radius:1px\">Mayor informaci\u00f3n<\/div><div class=\"su-box-content su-u-clearfix su-u-trim\" style=\"border-bottom-left-radius:1px;border-bottom-right-radius:1px\">\n<div class=\"su-list\" style=\"margin-left:0px\">\n<ul>\n<li><i class=\"sui sui-star\" style=\"color:#f6cc2f\"><\/i> <strong>Correo:<\/strong> informaci\u00f3n.vida@gmail.com<\/li>\n<li><i class=\"sui sui-star\" style=\"color:#f6cc2f\"><\/i> <strong>Tel\u00e9fonos:<\/strong> (502) 78398475<\/li>\n<\/ul>\n<\/div>\n<\/div><\/div>\n","protected":false},"excerpt":{"rendered":"<p>Es un programa donde proveemos de alimentos, tratamientos m\u00e9dicos en cl\u00ednicas privadas, traslados en ambulancias a hospitales, vitaminas y medicamentos para el bienestar de los mas vulnerables que nos visitan diariamente. \u00danete a este equipo de voluntarios donde ofrecemos una esperanza en el nombre de Jes\u00fas.<\/p>\n","protected":false},"author":1,"featured_media":21255,"comment_status":"open","ping_status":"open","sticky":false,"template":"","format":"standard","meta":{"footnotes":""},"categories":[116],"tags":[],"class_list":["post-21285","post","type-post","status-publish","format-standard","has-post-thumbnail","hentry","category-proyectos-de-ayuda"],"yoast_head":"<!-- This site is optimized with the Yoast SEO plugin v24.6 - https:\/\/yoast.com\/wordpress\/plugins\/seo\/ -->\r\n<title>Programa de solidaridad - Asociaci\u00f3n Vida Patz\u00fan<\/title>\r\n<meta name=\"description\" content=\"Es un programa donde proveemos tratamientos m\u00e9dicos, traslados en ambulancias entre otros servicios a personas de escasos recursos. Ingresa aqu\u00ed.\" \/>\r\n<meta name=\"robots\" content=\"index, follow, max-snippet:-1, max-image-preview:large, max-video-preview:-1\" \/>\r\n<link rel=\"canonical\" href=\"https:\/\/misionintegralvida.org\/es\/proyectos-de-ayuda\/programa-de-solidaridad\/\" \/>\r\n<meta property=\"og:locale\" content=\"es_ES\" \/>\r\n<meta property=\"og:type\" content=\"article\" \/>\r\n<meta property=\"og:title\" content=\"Programa de solidaridad - Asociaci\u00f3n Vida Patz\u00fan\" \/>\r\n<meta property=\"og:description\" content=\"Es un programa donde proveemos tratamientos m\u00e9dicos, traslados en ambulancias entre otros servicios a personas de escasos recursos. Ingresa aqu\u00ed.\" \/>\r\n<meta property=\"og:url\" content=\"https:\/\/misionintegralvida.org\/es\/proyectos-de-ayuda\/programa-de-solidaridad\/\" \/>\r\n<meta property=\"og:site_name\" content=\"Asociaci\u00f3n Vida Patz\u00fan\" \/>\r\n<meta property=\"article:published_time\" content=\"2021-09-13T17:12:57+00:00\" \/>\r\n<meta property=\"article:modified_time\" content=\"2022-11-15T22:00:27+00:00\" \/>\r\n<meta property=\"og:image\" content=\"https:\/\/misionintegralvida.org\/es\/wp-content\/uploads\/2021\/09\/post-solidaridad-01.jpg\" \/>\r\n\t<meta property=\"og:image:width\" content=\"1300\" \/>\r\n\t<meta property=\"og:image:height\" content=\"850\" \/>\r\n\t<meta property=\"og:image:type\" content=\"image\/jpeg\" \/>\r\n<meta name=\"author\" content=\"Misi\u00f3n Integral Vida\" \/>\r\n<meta name=\"twitter:card\" content=\"summary_large_image\" \/>\r\n<meta name=\"twitter:label1\" content=\"Escrito por\" \/>\n\t<meta name=\"twitter:data1\" content=\"Misi\u00f3n Integral Vida\" \/>\n\t<meta name=\"twitter:label2\" content=\"Tiempo de lectura\" \/>\n\t<meta name=\"twitter:data2\" content=\"1 minuto\" \/>\r\n<script type=\"application\/ld+json\" class=\"yoast-schema-graph\">{\"@context\":\"https:\/\/schema.org\",\"@graph\":[{\"@type\":\"Article\",\"@id\":\"https:\/\/misionintegralvida.org\/es\/proyectos-de-ayuda\/programa-de-solidaridad\/#article\",\"isPartOf\":{\"@id\":\"https:\/\/misionintegralvida.org\/es\/proyectos-de-ayuda\/programa-de-solidaridad\/\"},\"author\":{\"name\":\"Misi\u00f3n Integral Vida\",\"@id\":\"https:\/\/misionintegralvida.org\/es\/#\/schema\/person\/58e5e916373f6ff36b8786770ac97666\"},\"headline\":\"Programa de solidaridad\",\"datePublished\":\"2021-09-13T17:12:57+00:00\",\"dateModified\":\"2022-11-15T22:00:27+00:00\",\"mainEntityOfPage\":{\"@id\":\"https:\/\/misionintegralvida.org\/es\/proyectos-de-ayuda\/programa-de-solidaridad\/\"},\"wordCount\":141,\"commentCount\":0,\"publisher\":{\"@id\":\"https:\/\/misionintegralvida.org\/es\/#organization\"},\"image\":{\"@id\":\"https:\/\/misionintegralvida.org\/es\/proyectos-de-ayuda\/programa-de-solidaridad\/#primaryimage\"},\"thumbnailUrl\":\"https:\/\/misionintegralvida.org\/es\/wp-content\/uploads\/2021\/09\/post-solidaridad-01.jpg\",\"articleSection\":[\"Proyectos de ayuda\"],\"inLanguage\":\"es\",\"potentialAction\":[{\"@type\":\"CommentAction\",\"name\":\"Comment\",\"target\":[\"https:\/\/misionintegralvida.org\/es\/proyectos-de-ayuda\/programa-de-solidaridad\/#respond\"]}]},{\"@type\":\"WebPage\",\"@id\":\"https:\/\/misionintegralvida.org\/es\/proyectos-de-ayuda\/programa-de-solidaridad\/\",\"url\":\"https:\/\/misionintegralvida.org\/es\/proyectos-de-ayuda\/programa-de-solidaridad\/\",\"name\":\"Programa de solidaridad - Asociaci\u00f3n Vida Patz\u00fan\",\"isPartOf\":{\"@id\":\"https:\/\/misionintegralvida.org\/es\/#website\"},\"primaryImageOfPage\":{\"@id\":\"https:\/\/misionintegralvida.org\/es\/proyectos-de-ayuda\/programa-de-solidaridad\/#primaryimage\"},\"image\":{\"@id\":\"https:\/\/misionintegralvida.org\/es\/proyectos-de-ayuda\/programa-de-solidaridad\/#primaryimage\"},\"thumbnailUrl\":\"https:\/\/misionintegralvida.org\/es\/wp-content\/uploads\/2021\/09\/post-solidaridad-01.jpg\",\"datePublished\":\"2021-09-13T17:12:57+00:00\",\"dateModified\":\"2022-11-15T22:00:27+00:00\",\"description\":\"Es un programa donde proveemos tratamientos m\u00e9dicos, traslados en ambulancias entre otros servicios a personas de escasos recursos. Ingresa aqu\u00ed.\",\"breadcrumb\":{\"@id\":\"https:\/\/misionintegralvida.org\/es\/proyectos-de-ayuda\/programa-de-solidaridad\/#breadcrumb\"},\"inLanguage\":\"es\",\"potentialAction\":[{\"@type\":\"ReadAction\",\"target\":[\"https:\/\/misionintegralvida.org\/es\/proyectos-de-ayuda\/programa-de-solidaridad\/\"]}]},{\"@type\":\"ImageObject\",\"inLanguage\":\"es\",\"@id\":\"https:\/\/misionintegralvida.org\/es\/proyectos-de-ayuda\/programa-de-solidaridad\/#primaryimage\",\"url\":\"https:\/\/misionintegralvida.org\/es\/wp-content\/uploads\/2021\/09\/post-solidaridad-01.jpg\",\"contentUrl\":\"https:\/\/misionintegralvida.org\/es\/wp-content\/uploads\/2021\/09\/post-solidaridad-01.jpg\",\"width\":1300,\"height\":850,\"caption\":\"solidaridad\"},{\"@type\":\"BreadcrumbList\",\"@id\":\"https:\/\/misionintegralvida.org\/es\/proyectos-de-ayuda\/programa-de-solidaridad\/#breadcrumb\",\"itemListElement\":[{\"@type\":\"ListItem\",\"position\":1,\"name\":\"Portada\",\"item\":\"https:\/\/misionintegralvida.org\/es\/\"},{\"@type\":\"ListItem\",\"position\":2,\"name\":\"Programa de solidaridad\"}]},{\"@type\":\"WebSite\",\"@id\":\"https:\/\/misionintegralvida.org\/es\/#website\",\"url\":\"https:\/\/misionintegralvida.org\/es\/\",\"name\":\"Asociaci\u00f3n Vida Patz\u00fan\",\"description\":\"Creando Soluciones Transformado Vidas en el nombre de Jes\u00fas\",\"publisher\":{\"@id\":\"https:\/\/misionintegralvida.org\/es\/#organization\"},\"potentialAction\":[{\"@type\":\"SearchAction\",\"target\":{\"@type\":\"EntryPoint\",\"urlTemplate\":\"https:\/\/misionintegralvida.org\/es\/?s={search_term_string}\"},\"query-input\":{\"@type\":\"PropertyValueSpecification\",\"valueRequired\":true,\"valueName\":\"search_term_string\"}}],\"inLanguage\":\"es\"},{\"@type\":\"Organization\",\"@id\":\"https:\/\/misionintegralvida.org\/es\/#organization\",\"name\":\"Asociaci\u00f3n Vida Patz\u00fan\",\"url\":\"https:\/\/misionintegralvida.org\/es\/\",\"logo\":{\"@type\":\"ImageObject\",\"inLanguage\":\"es\",\"@id\":\"https:\/\/misionintegralvida.org\/es\/#\/schema\/logo\/image\/\",\"url\":\"https:\/\/misionintegralvida.org\/es\/wp-content\/uploads\/2021\/07\/logo_asoc-01.png\",\"contentUrl\":\"https:\/\/misionintegralvida.org\/es\/wp-content\/uploads\/2021\/07\/logo_asoc-01.png\",\"width\":275,\"height\":50,\"caption\":\"Asociaci\u00f3n Vida Patz\u00fan\"},\"image\":{\"@id\":\"https:\/\/misionintegralvida.org\/es\/#\/schema\/logo\/image\/\"}},{\"@type\":\"Person\",\"@id\":\"https:\/\/misionintegralvida.org\/es\/#\/schema\/person\/58e5e916373f6ff36b8786770ac97666\",\"name\":\"Misi\u00f3n Integral Vida\",\"image\":{\"@type\":\"ImageObject\",\"inLanguage\":\"es\",\"@id\":\"https:\/\/misionintegralvida.org\/es\/#\/schema\/person\/image\/\",\"url\":\"https:\/\/secure.gravatar.com\/avatar\/ef21bfebe62652f02a4e3d38bc78f5ad?s=96&d=mm&r=g\",\"contentUrl\":\"https:\/\/secure.gravatar.com\/avatar\/ef21bfebe62652f02a4e3d38bc78f5ad?s=96&d=mm&r=g\",\"caption\":\"Misi\u00f3n Integral Vida\"},\"sameAs\":[\"https:\/\/misionintegralvida.org\/es\"],\"url\":\"https:\/\/misionintegralvida.org\/es\/author\/mision_v_a\/\"}]}<\/script>\r\n<!-- \/ Yoast SEO plugin. -->","yoast_head_json":{"title":"Programa de solidaridad - Asociaci\u00f3n Vida Patz\u00fan","description":"Es un programa donde proveemos tratamientos m\u00e9dicos, traslados en ambulancias entre otros servicios a personas de escasos recursos. Ingresa aqu\u00ed.","robots":{"index":"index","follow":"follow","max-snippet":"max-snippet:-1","max-image-preview":"max-image-preview:large","max-video-preview":"max-video-preview:-1"},"canonical":"https:\/\/misionintegralvida.org\/es\/proyectos-de-ayuda\/programa-de-solidaridad\/","og_locale":"es_ES","og_type":"article","og_title":"Programa de solidaridad - Asociaci\u00f3n Vida Patz\u00fan","og_description":"Es un programa donde proveemos tratamientos m\u00e9dicos, traslados en ambulancias entre otros servicios a personas de escasos recursos. Ingresa aqu\u00ed.","og_url":"https:\/\/misionintegralvida.org\/es\/proyectos-de-ayuda\/programa-de-solidaridad\/","og_site_name":"Asociaci\u00f3n Vida Patz\u00fan","article_published_time":"2021-09-13T17:12:57+00:00","article_modified_time":"2022-11-15T22:00:27+00:00","og_image":[{"width":1300,"height":850,"url":"https:\/\/misionintegralvida.org\/es\/wp-content\/uploads\/2021\/09\/post-solidaridad-01.jpg","type":"image\/jpeg"}],"author":"Misi\u00f3n Integral Vida","twitter_card":"summary_large_image","twitter_misc":{"Escrito por":"Misi\u00f3n Integral Vida","Tiempo de lectura":"1 minuto"},"schema":{"@context":"https:\/\/schema.org","@graph":[{"@type":"Article","@id":"https:\/\/misionintegralvida.org\/es\/proyectos-de-ayuda\/programa-de-solidaridad\/#article","isPartOf":{"@id":"https:\/\/misionintegralvida.org\/es\/proyectos-de-ayuda\/programa-de-solidaridad\/"},"author":{"name":"Misi\u00f3n Integral Vida","@id":"https:\/\/misionintegralvida.org\/es\/#\/schema\/person\/58e5e916373f6ff36b8786770ac97666"},"headline":"Programa de solidaridad","datePublished":"2021-09-13T17:12:57+00:00","dateModified":"2022-11-15T22:00:27+00:00","mainEntityOfPage":{"@id":"https:\/\/misionintegralvida.org\/es\/proyectos-de-ayuda\/programa-de-solidaridad\/"},"wordCount":141,"commentCount":0,"publisher":{"@id":"https:\/\/misionintegralvida.org\/es\/#organization"},"image":{"@id":"https:\/\/misionintegralvida.org\/es\/proyectos-de-ayuda\/programa-de-solidaridad\/#primaryimage"},"thumbnailUrl":"https:\/\/misionintegralvida.org\/es\/wp-content\/uploads\/2021\/09\/post-solidaridad-01.jpg","articleSection":["Proyectos de ayuda"],"inLanguage":"es","potentialAction":[{"@type":"CommentAction","name":"Comment","target":["https:\/\/misionintegralvida.org\/es\/proyectos-de-ayuda\/programa-de-solidaridad\/#respond"]}]},{"@type":"WebPage","@id":"https:\/\/misionintegralvida.org\/es\/proyectos-de-ayuda\/programa-de-solidaridad\/","url":"https:\/\/misionintegralvida.org\/es\/proyectos-de-ayuda\/programa-de-solidaridad\/","name":"Programa de solidaridad - Asociaci\u00f3n Vida Patz\u00fan","isPartOf":{"@id":"https:\/\/misionintegralvida.org\/es\/#website"},"primaryImageOfPage":{"@id":"https:\/\/misionintegralvida.org\/es\/proyectos-de-ayuda\/programa-de-solidaridad\/#primaryimage"},"image":{"@id":"https:\/\/misionintegralvida.org\/es\/proyectos-de-ayuda\/programa-de-solidaridad\/#primaryimage"},"thumbnailUrl":"https:\/\/misionintegralvida.org\/es\/wp-content\/uploads\/2021\/09\/post-solidaridad-01.jpg","datePublished":"2021-09-13T17:12:57+00:00","dateModified":"2022-11-15T22:00:27+00:00","description":"Es un programa donde proveemos tratamientos m\u00e9dicos, traslados en ambulancias entre otros servicios a personas de escasos recursos. Ingresa aqu\u00ed.","breadcrumb":{"@id":"https:\/\/misionintegralvida.org\/es\/proyectos-de-ayuda\/programa-de-solidaridad\/#breadcrumb"},"inLanguage":"es","potentialAction":[{"@type":"ReadAction","target":["https:\/\/misionintegralvida.org\/es\/proyectos-de-ayuda\/programa-de-solidaridad\/"]}]},{"@type":"ImageObject","inLanguage":"es","@id":"https:\/\/misionintegralvida.org\/es\/proyectos-de-ayuda\/programa-de-solidaridad\/#primaryimage","url":"https:\/\/misionintegralvida.org\/es\/wp-content\/uploads\/2021\/09\/post-solidaridad-01.jpg","contentUrl":"https:\/\/misionintegralvida.org\/es\/wp-content\/uploads\/2021\/09\/post-solidaridad-01.jpg","width":1300,"height":850,"caption":"solidaridad"},{"@type":"BreadcrumbList","@id":"https:\/\/misionintegralvida.org\/es\/proyectos-de-ayuda\/programa-de-solidaridad\/#breadcrumb","itemListElement":[{"@type":"ListItem","position":1,"name":"Portada","item":"https:\/\/misionintegralvida.org\/es\/"},{"@type":"ListItem","position":2,"name":"Programa de solidaridad"}]},{"@type":"WebSite","@id":"https:\/\/misionintegralvida.org\/es\/#website","url":"https:\/\/misionintegralvida.org\/es\/","name":"Asociaci\u00f3n Vida Patz\u00fan","description":"Creando Soluciones Transformado Vidas en el nombre de Jes\u00fas","publisher":{"@id":"https:\/\/misionintegralvida.org\/es\/#organization"},"potentialAction":[{"@type":"SearchAction","target":{"@type":"EntryPoint","urlTemplate":"https:\/\/misionintegralvida.org\/es\/?s={search_term_string}"},"query-input":{"@type":"PropertyValueSpecification","valueRequired":true,"valueName":"search_term_string"}}],"inLanguage":"es"},{"@type":"Organization","@id":"https:\/\/misionintegralvida.org\/es\/#organization","name":"Asociaci\u00f3n Vida Patz\u00fan","url":"https:\/\/misionintegralvida.org\/es\/","logo":{"@type":"ImageObject","inLanguage":"es","@id":"https:\/\/misionintegralvida.org\/es\/#\/schema\/logo\/image\/","url":"https:\/\/misionintegralvida.org\/es\/wp-content\/uploads\/2021\/07\/logo_asoc-01.png","contentUrl":"https:\/\/misionintegralvida.org\/es\/wp-content\/uploads\/2021\/07\/logo_asoc-01.png","width":275,"height":50,"caption":"Asociaci\u00f3n Vida Patz\u00fan"},"image":{"@id":"https:\/\/misionintegralvida.org\/es\/#\/schema\/logo\/image\/"}},{"@type":"Person","@id":"https:\/\/misionintegralvida.org\/es\/#\/schema\/person\/58e5e916373f6ff36b8786770ac97666","name":"Misi\u00f3n Integral Vida","image":{"@type":"ImageObject","inLanguage":"es","@id":"https:\/\/misionintegralvida.org\/es\/#\/schema\/person\/image\/","url":"https:\/\/secure.gravatar.com\/avatar\/ef21bfebe62652f02a4e3d38bc78f5ad?s=96&d=mm&r=g","contentUrl":"https:\/\/secure.gravatar.com\/avatar\/ef21bfebe62652f02a4e3d38bc78f5ad?s=96&d=mm&r=g","caption":"Misi\u00f3n Integral Vida"},"sameAs":["https:\/\/misionintegralvida.org\/es"],"url":"https:\/\/misionintegralvida.org\/es\/author\/mision_v_a\/"}]}},"_links":{"self":[{"href":"https:\/\/misionintegralvida.org\/es\/wp-json\/wp\/v2\/posts\/21285","targetHints":{"allow":["GET"]}}],"collection":[{"href":"https:\/\/misionintegralvida.org\/es\/wp-json\/wp\/v2\/posts"}],"about":[{"href":"https:\/\/misionintegralvida.org\/es\/wp-json\/wp\/v2\/types\/post"}],"author":[{"embeddable":true,"href":"https:\/\/misionintegralvida.org\/es\/wp-json\/wp\/v2\/users\/1"}],"replies":[{"embeddable":true,"href":"https:\/\/misionintegralvida.org\/es\/wp-json\/wp\/v2\/comments?post=21285"}],"version-history":[{"count":1,"href":"https:\/\/misionintegralvida.org\/es\/wp-json\/wp\/v2\/posts\/21285\/revisions"}],"predecessor-version":[{"id":21590,"href":"https:\/\/misionintegralvida.org\/es\/wp-json\/wp\/v2\/posts\/21285\/revisions\/21590"}],"wp:featuredmedia":[{"embeddable":true,"href":"https:\/\/misionintegralvida.org\/es\/wp-json\/wp\/v2\/media\/21255"}],"wp:attachment":[{"href":"https:\/\/misionintegralvida.org\/es\/wp-json\/wp\/v2\/media?parent=21285"}],"wp:term":[{"taxonomy":"category","embeddable":true,"href":"https:\/\/misionintegralvida.org\/es\/wp-json\/wp\/v2\/categories?post=21285"},{"taxonomy":"post_tag","embeddable":true,"href":"https:\/\/misionintegralvida.org\/es\/wp-json\/wp\/v2\/tags?post=21285"}],"curies":[{"name":"wp","href":"https:\/\/api.w.org\/{rel}","templated":true}]}}