{"id":21259,"date":"2021-09-13T10:47:17","date_gmt":"2021-09-13T16:47:17","guid":{"rendered":"https:\/\/misionintegralvida.org\/es\/?p=21259"},"modified":"2022-11-15T12:48:57","modified_gmt":"2022-11-15T18:48:57","slug":"covid-19","status":"publish","type":"post","link":"https:\/\/misionintegralvida.org\/es\/proyectos-de-ayuda\/covid-19\/","title":{"rendered":"COVID-19"},"content":{"rendered":"<p>Actualmente cubrimos en la actual pandemia con hisopados para detecci\u00f3n del COVID-19 mucha gente no tiene los recursos necesarios y atrasa sus tratamientos m\u00e9dicos y se vuelven complicados.<\/p>\n<p>Por tal raz\u00f3n proveemos de pruebas y tratamientos m\u00e9dicos, \u00fanase con nosotros para salvar vidas apoyando econ\u00f3micamente para llegar a m\u00e1s personas donando pruebas COVID-19.<\/p>\n<div id=\"attachment_21273\" style=\"width: 1034px\" class=\"wp-caption aligncenter\"><img fetchpriority=\"high\" decoding=\"async\" aria-describedby=\"caption-attachment-21273\" class=\"size-large wp-image-21273\" src=\"https:\/\/misionintegralvida.org\/es\/wp-content\/uploads\/2021\/09\/post-covid-02-1024x670.jpg\" alt=\"COVID-19\" width=\"1024\" height=\"670\" srcset=\"https:\/\/misionintegralvida.org\/es\/wp-content\/uploads\/2021\/09\/post-covid-02-1024x670.jpg 1024w, https:\/\/misionintegralvida.org\/es\/wp-content\/uploads\/2021\/09\/post-covid-02-600x392.jpg 600w, https:\/\/misionintegralvida.org\/es\/wp-content\/uploads\/2021\/09\/post-covid-02-300x196.jpg 300w, https:\/\/misionintegralvida.org\/es\/wp-content\/uploads\/2021\/09\/post-covid-02-768x502.jpg 768w, https:\/\/misionintegralvida.org\/es\/wp-content\/uploads\/2021\/09\/post-covid-02.jpg 1300w\" sizes=\"(max-width: 1024px) 100vw, 1024px\" \/><p id=\"caption-attachment-21273\" class=\"wp-caption-text\">COVID-19<\/p><\/div>\n<div class=\"su-row\">\n<div class=\"su-column su-column-size-1-2\"><div class=\"su-column-inner su-u-clearfix su-u-trim\">\n<div class=\"su-button-center\"><a href=\"https:\/\/misionintegralvida.org\/Donation\/Donation.aspx?lang=es\" class=\"su-button su-button-style-default\" style=\"color:#FFFFFF;background-color:#2D89EF;border-color:#246ec0;border-radius:11px\" target=\"_self\"><span style=\"color:#FFFFFF;padding:9px 28px;font-size:21px;line-height:32px;border-color:#6cadf4;border-radius:11px;text-shadow:none\"><i class=\"sui sui-money\" style=\"font-size:21px;color:#FFFFFF\"><\/i> Donar a la causa<\/span><\/a><\/div>\n<\/div><\/div>\n<div class=\"su-column su-column-size-1-2\"><div class=\"su-column-inner su-u-clearfix su-u-trim\">\n<div class=\"su-button-center\"><a href=\"https:\/\/misionintegralvida.org\/es\/us-donation\/\" class=\"su-button su-button-style-default\" style=\"color:#FFFFFF;background-color:#2D89EF;border-color:#246ec0;border-radius:11px\" target=\"_self\"><span style=\"color:#FFFFFF;padding:9px 28px;font-size:21px;line-height:32px;border-color:#6cadf4;border-radius:11px;text-shadow:none\"><i class=\"sui sui-money\" style=\"font-size:21px;color:#FFFFFF\"><\/i> US Donation<\/span><\/a><\/div>\n<\/div><\/div>\n<\/div>\n<div class=\"su-box su-box-style-default\" id=\"\" style=\"border-color:#000000;border-radius:3px\"><div class=\"su-box-title\" style=\"background-color:#333333;color:#FFFFFF;border-top-left-radius:1px;border-top-right-radius:1px\">Mayor informaci\u00f3n<\/div><div class=\"su-box-content su-u-clearfix su-u-trim\" style=\"border-bottom-left-radius:1px;border-bottom-right-radius:1px\">\n<div class=\"su-list\" style=\"margin-left:0px\">\n<ul>\n<li><i class=\"sui sui-star\" style=\"color:#f6cc2f\"><\/i> <strong>Correo:<\/strong> informaci\u00f3n.vida@gmail.com<\/li>\n<li><i class=\"sui sui-star\" style=\"color:#f6cc2f\"><\/i> <strong>Tel\u00e9fonos:<\/strong> (502) 78398475<\/li>\n<\/ul>\n<\/div>\n<\/div><\/div>\n<p>&nbsp;<\/p>\n","protected":false},"excerpt":{"rendered":"<p>Actualmente cubrimos en la actual pandemia con hisopados para detecci\u00f3n del COVID-19 mucha gente no tiene los recursos necesarios y atrasa sus tratamientos m\u00e9dicos y se vuelven complicados. Por tal raz\u00f3n proveemos de pruebas y tratamientos m\u00e9dicos, \u00fanase con nosotros para salvar vidas apoyando econ\u00f3micamente para llegar a m\u00e1s personas donando pruebas COVID-19. &nbsp;<\/p>\n","protected":false},"author":1,"featured_media":21252,"comment_status":"open","ping_status":"open","sticky":false,"template":"","format":"standard","meta":{"footnotes":""},"categories":[116],"tags":[],"class_list":["post-21259","post","type-post","status-publish","format-standard","has-post-thumbnail","hentry","category-proyectos-de-ayuda"],"yoast_head":"<!-- This site is optimized with the Yoast SEO plugin v24.6 - https:\/\/yoast.com\/wordpress\/plugins\/seo\/ -->\r\n<title>COVID-19 - Asociaci\u00f3n Vida Patz\u00fan<\/title>\r\n<meta name=\"description\" content=\"Actualmente cubrimos en la actual pandemia con hisopados para detecci\u00f3n del COVID-19 mucha gente no tiene los recursos necesarios.\" \/>\r\n<meta name=\"robots\" content=\"index, follow, max-snippet:-1, max-image-preview:large, max-video-preview:-1\" \/>\r\n<link rel=\"canonical\" href=\"https:\/\/misionintegralvida.org\/es\/proyectos-de-ayuda\/covid-19\/\" \/>\r\n<meta property=\"og:locale\" content=\"es_ES\" \/>\r\n<meta property=\"og:type\" content=\"article\" \/>\r\n<meta property=\"og:title\" content=\"COVID-19 - Asociaci\u00f3n Vida Patz\u00fan\" \/>\r\n<meta property=\"og:description\" content=\"Actualmente cubrimos en la actual pandemia con hisopados para detecci\u00f3n del COVID-19 mucha gente no tiene los recursos necesarios.\" \/>\r\n<meta property=\"og:url\" content=\"https:\/\/misionintegralvida.org\/es\/proyectos-de-ayuda\/covid-19\/\" \/>\r\n<meta property=\"og:site_name\" content=\"Asociaci\u00f3n Vida Patz\u00fan\" \/>\r\n<meta property=\"article:published_time\" content=\"2021-09-13T16:47:17+00:00\" \/>\r\n<meta property=\"article:modified_time\" content=\"2022-11-15T18:48:57+00:00\" \/>\r\n<meta property=\"og:image\" content=\"https:\/\/misionintegralvida.org\/es\/wp-content\/uploads\/2021\/09\/post-covid-01.jpg\" \/>\r\n\t<meta property=\"og:image:width\" content=\"1300\" \/>\r\n\t<meta property=\"og:image:height\" content=\"850\" \/>\r\n\t<meta property=\"og:image:type\" content=\"image\/jpeg\" \/>\r\n<meta name=\"author\" content=\"Misi\u00f3n Integral Vida\" \/>\r\n<meta name=\"twitter:card\" content=\"summary_large_image\" \/>\r\n<meta name=\"twitter:label1\" content=\"Escrito por\" \/>\n\t<meta name=\"twitter:data1\" content=\"Misi\u00f3n Integral Vida\" \/>\n\t<meta name=\"twitter:label2\" content=\"Tiempo de lectura\" \/>\n\t<meta name=\"twitter:data2\" content=\"1 minuto\" \/>\r\n<script type=\"application\/ld+json\" class=\"yoast-schema-graph\">{\"@context\":\"https:\/\/schema.org\",\"@graph\":[{\"@type\":\"Article\",\"@id\":\"https:\/\/misionintegralvida.org\/es\/proyectos-de-ayuda\/covid-19\/#article\",\"isPartOf\":{\"@id\":\"https:\/\/misionintegralvida.org\/es\/proyectos-de-ayuda\/covid-19\/\"},\"author\":{\"name\":\"Misi\u00f3n Integral Vida\",\"@id\":\"https:\/\/misionintegralvida.org\/es\/#\/schema\/person\/58e5e916373f6ff36b8786770ac97666\"},\"headline\":\"COVID-19\",\"datePublished\":\"2021-09-13T16:47:17+00:00\",\"dateModified\":\"2022-11-15T18:48:57+00:00\",\"mainEntityOfPage\":{\"@id\":\"https:\/\/misionintegralvida.org\/es\/proyectos-de-ayuda\/covid-19\/\"},\"wordCount\":158,\"commentCount\":0,\"publisher\":{\"@id\":\"https:\/\/misionintegralvida.org\/es\/#organization\"},\"image\":{\"@id\":\"https:\/\/misionintegralvida.org\/es\/proyectos-de-ayuda\/covid-19\/#primaryimage\"},\"thumbnailUrl\":\"https:\/\/misionintegralvida.org\/es\/wp-content\/uploads\/2021\/09\/post-covid-01.jpg\",\"articleSection\":[\"Proyectos de ayuda\"],\"inLanguage\":\"es\",\"potentialAction\":[{\"@type\":\"CommentAction\",\"name\":\"Comment\",\"target\":[\"https:\/\/misionintegralvida.org\/es\/proyectos-de-ayuda\/covid-19\/#respond\"]}]},{\"@type\":\"WebPage\",\"@id\":\"https:\/\/misionintegralvida.org\/es\/proyectos-de-ayuda\/covid-19\/\",\"url\":\"https:\/\/misionintegralvida.org\/es\/proyectos-de-ayuda\/covid-19\/\",\"name\":\"COVID-19 - Asociaci\u00f3n Vida Patz\u00fan\",\"isPartOf\":{\"@id\":\"https:\/\/misionintegralvida.org\/es\/#website\"},\"primaryImageOfPage\":{\"@id\":\"https:\/\/misionintegralvida.org\/es\/proyectos-de-ayuda\/covid-19\/#primaryimage\"},\"image\":{\"@id\":\"https:\/\/misionintegralvida.org\/es\/proyectos-de-ayuda\/covid-19\/#primaryimage\"},\"thumbnailUrl\":\"https:\/\/misionintegralvida.org\/es\/wp-content\/uploads\/2021\/09\/post-covid-01.jpg\",\"datePublished\":\"2021-09-13T16:47:17+00:00\",\"dateModified\":\"2022-11-15T18:48:57+00:00\",\"description\":\"Actualmente cubrimos en la actual pandemia con hisopados para detecci\u00f3n del COVID-19 mucha gente no tiene los recursos necesarios.\",\"breadcrumb\":{\"@id\":\"https:\/\/misionintegralvida.org\/es\/proyectos-de-ayuda\/covid-19\/#breadcrumb\"},\"inLanguage\":\"es\",\"potentialAction\":[{\"@type\":\"ReadAction\",\"target\":[\"https:\/\/misionintegralvida.org\/es\/proyectos-de-ayuda\/covid-19\/\"]}]},{\"@type\":\"ImageObject\",\"inLanguage\":\"es\",\"@id\":\"https:\/\/misionintegralvida.org\/es\/proyectos-de-ayuda\/covid-19\/#primaryimage\",\"url\":\"https:\/\/misionintegralvida.org\/es\/wp-content\/uploads\/2021\/09\/post-covid-01.jpg\",\"contentUrl\":\"https:\/\/misionintegralvida.org\/es\/wp-content\/uploads\/2021\/09\/post-covid-01.jpg\",\"width\":1300,\"height\":850,\"caption\":\"COVID\"},{\"@type\":\"BreadcrumbList\",\"@id\":\"https:\/\/misionintegralvida.org\/es\/proyectos-de-ayuda\/covid-19\/#breadcrumb\",\"itemListElement\":[{\"@type\":\"ListItem\",\"position\":1,\"name\":\"Portada\",\"item\":\"https:\/\/misionintegralvida.org\/es\/\"},{\"@type\":\"ListItem\",\"position\":2,\"name\":\"COVID-19\"}]},{\"@type\":\"WebSite\",\"@id\":\"https:\/\/misionintegralvida.org\/es\/#website\",\"url\":\"https:\/\/misionintegralvida.org\/es\/\",\"name\":\"Asociaci\u00f3n Vida Patz\u00fan\",\"description\":\"Creando Soluciones Transformado Vidas en el nombre de Jes\u00fas\",\"publisher\":{\"@id\":\"https:\/\/misionintegralvida.org\/es\/#organization\"},\"potentialAction\":[{\"@type\":\"SearchAction\",\"target\":{\"@type\":\"EntryPoint\",\"urlTemplate\":\"https:\/\/misionintegralvida.org\/es\/?s={search_term_string}\"},\"query-input\":{\"@type\":\"PropertyValueSpecification\",\"valueRequired\":true,\"valueName\":\"search_term_string\"}}],\"inLanguage\":\"es\"},{\"@type\":\"Organization\",\"@id\":\"https:\/\/misionintegralvida.org\/es\/#organization\",\"name\":\"Asociaci\u00f3n Vida Patz\u00fan\",\"url\":\"https:\/\/misionintegralvida.org\/es\/\",\"logo\":{\"@type\":\"ImageObject\",\"inLanguage\":\"es\",\"@id\":\"https:\/\/misionintegralvida.org\/es\/#\/schema\/logo\/image\/\",\"url\":\"https:\/\/misionintegralvida.org\/es\/wp-content\/uploads\/2021\/07\/logo_asoc-01.png\",\"contentUrl\":\"https:\/\/misionintegralvida.org\/es\/wp-content\/uploads\/2021\/07\/logo_asoc-01.png\",\"width\":275,\"height\":50,\"caption\":\"Asociaci\u00f3n Vida Patz\u00fan\"},\"image\":{\"@id\":\"https:\/\/misionintegralvida.org\/es\/#\/schema\/logo\/image\/\"}},{\"@type\":\"Person\",\"@id\":\"https:\/\/misionintegralvida.org\/es\/#\/schema\/person\/58e5e916373f6ff36b8786770ac97666\",\"name\":\"Misi\u00f3n Integral Vida\",\"image\":{\"@type\":\"ImageObject\",\"inLanguage\":\"es\",\"@id\":\"https:\/\/misionintegralvida.org\/es\/#\/schema\/person\/image\/\",\"url\":\"https:\/\/secure.gravatar.com\/avatar\/ef21bfebe62652f02a4e3d38bc78f5ad?s=96&d=mm&r=g\",\"contentUrl\":\"https:\/\/secure.gravatar.com\/avatar\/ef21bfebe62652f02a4e3d38bc78f5ad?s=96&d=mm&r=g\",\"caption\":\"Misi\u00f3n Integral Vida\"},\"sameAs\":[\"https:\/\/misionintegralvida.org\/es\"],\"url\":\"https:\/\/misionintegralvida.org\/es\/author\/mision_v_a\/\"}]}<\/script>\r\n<!-- \/ Yoast SEO plugin. -->","yoast_head_json":{"title":"COVID-19 - Asociaci\u00f3n Vida Patz\u00fan","description":"Actualmente cubrimos en la actual pandemia con hisopados para detecci\u00f3n del COVID-19 mucha gente no tiene los recursos necesarios.","robots":{"index":"index","follow":"follow","max-snippet":"max-snippet:-1","max-image-preview":"max-image-preview:large","max-video-preview":"max-video-preview:-1"},"canonical":"https:\/\/misionintegralvida.org\/es\/proyectos-de-ayuda\/covid-19\/","og_locale":"es_ES","og_type":"article","og_title":"COVID-19 - Asociaci\u00f3n Vida Patz\u00fan","og_description":"Actualmente cubrimos en la actual pandemia con hisopados para detecci\u00f3n del COVID-19 mucha gente no tiene los recursos necesarios.","og_url":"https:\/\/misionintegralvida.org\/es\/proyectos-de-ayuda\/covid-19\/","og_site_name":"Asociaci\u00f3n Vida Patz\u00fan","article_published_time":"2021-09-13T16:47:17+00:00","article_modified_time":"2022-11-15T18:48:57+00:00","og_image":[{"width":1300,"height":850,"url":"https:\/\/misionintegralvida.org\/es\/wp-content\/uploads\/2021\/09\/post-covid-01.jpg","type":"image\/jpeg"}],"author":"Misi\u00f3n Integral Vida","twitter_card":"summary_large_image","twitter_misc":{"Escrito por":"Misi\u00f3n Integral Vida","Tiempo de lectura":"1 minuto"},"schema":{"@context":"https:\/\/schema.org","@graph":[{"@type":"Article","@id":"https:\/\/misionintegralvida.org\/es\/proyectos-de-ayuda\/covid-19\/#article","isPartOf":{"@id":"https:\/\/misionintegralvida.org\/es\/proyectos-de-ayuda\/covid-19\/"},"author":{"name":"Misi\u00f3n Integral Vida","@id":"https:\/\/misionintegralvida.org\/es\/#\/schema\/person\/58e5e916373f6ff36b8786770ac97666"},"headline":"COVID-19","datePublished":"2021-09-13T16:47:17+00:00","dateModified":"2022-11-15T18:48:57+00:00","mainEntityOfPage":{"@id":"https:\/\/misionintegralvida.org\/es\/proyectos-de-ayuda\/covid-19\/"},"wordCount":158,"commentCount":0,"publisher":{"@id":"https:\/\/misionintegralvida.org\/es\/#organization"},"image":{"@id":"https:\/\/misionintegralvida.org\/es\/proyectos-de-ayuda\/covid-19\/#primaryimage"},"thumbnailUrl":"https:\/\/misionintegralvida.org\/es\/wp-content\/uploads\/2021\/09\/post-covid-01.jpg","articleSection":["Proyectos de ayuda"],"inLanguage":"es","potentialAction":[{"@type":"CommentAction","name":"Comment","target":["https:\/\/misionintegralvida.org\/es\/proyectos-de-ayuda\/covid-19\/#respond"]}]},{"@type":"WebPage","@id":"https:\/\/misionintegralvida.org\/es\/proyectos-de-ayuda\/covid-19\/","url":"https:\/\/misionintegralvida.org\/es\/proyectos-de-ayuda\/covid-19\/","name":"COVID-19 - Asociaci\u00f3n Vida Patz\u00fan","isPartOf":{"@id":"https:\/\/misionintegralvida.org\/es\/#website"},"primaryImageOfPage":{"@id":"https:\/\/misionintegralvida.org\/es\/proyectos-de-ayuda\/covid-19\/#primaryimage"},"image":{"@id":"https:\/\/misionintegralvida.org\/es\/proyectos-de-ayuda\/covid-19\/#primaryimage"},"thumbnailUrl":"https:\/\/misionintegralvida.org\/es\/wp-content\/uploads\/2021\/09\/post-covid-01.jpg","datePublished":"2021-09-13T16:47:17+00:00","dateModified":"2022-11-15T18:48:57+00:00","description":"Actualmente cubrimos en la actual pandemia con hisopados para detecci\u00f3n del COVID-19 mucha gente no tiene los recursos necesarios.","breadcrumb":{"@id":"https:\/\/misionintegralvida.org\/es\/proyectos-de-ayuda\/covid-19\/#breadcrumb"},"inLanguage":"es","potentialAction":[{"@type":"ReadAction","target":["https:\/\/misionintegralvida.org\/es\/proyectos-de-ayuda\/covid-19\/"]}]},{"@type":"ImageObject","inLanguage":"es","@id":"https:\/\/misionintegralvida.org\/es\/proyectos-de-ayuda\/covid-19\/#primaryimage","url":"https:\/\/misionintegralvida.org\/es\/wp-content\/uploads\/2021\/09\/post-covid-01.jpg","contentUrl":"https:\/\/misionintegralvida.org\/es\/wp-content\/uploads\/2021\/09\/post-covid-01.jpg","width":1300,"height":850,"caption":"COVID"},{"@type":"BreadcrumbList","@id":"https:\/\/misionintegralvida.org\/es\/proyectos-de-ayuda\/covid-19\/#breadcrumb","itemListElement":[{"@type":"ListItem","position":1,"name":"Portada","item":"https:\/\/misionintegralvida.org\/es\/"},{"@type":"ListItem","position":2,"name":"COVID-19"}]},{"@type":"WebSite","@id":"https:\/\/misionintegralvida.org\/es\/#website","url":"https:\/\/misionintegralvida.org\/es\/","name":"Asociaci\u00f3n Vida Patz\u00fan","description":"Creando Soluciones Transformado Vidas en el nombre de Jes\u00fas","publisher":{"@id":"https:\/\/misionintegralvida.org\/es\/#organization"},"potentialAction":[{"@type":"SearchAction","target":{"@type":"EntryPoint","urlTemplate":"https:\/\/misionintegralvida.org\/es\/?s={search_term_string}"},"query-input":{"@type":"PropertyValueSpecification","valueRequired":true,"valueName":"search_term_string"}}],"inLanguage":"es"},{"@type":"Organization","@id":"https:\/\/misionintegralvida.org\/es\/#organization","name":"Asociaci\u00f3n Vida Patz\u00fan","url":"https:\/\/misionintegralvida.org\/es\/","logo":{"@type":"ImageObject","inLanguage":"es","@id":"https:\/\/misionintegralvida.org\/es\/#\/schema\/logo\/image\/","url":"https:\/\/misionintegralvida.org\/es\/wp-content\/uploads\/2021\/07\/logo_asoc-01.png","contentUrl":"https:\/\/misionintegralvida.org\/es\/wp-content\/uploads\/2021\/07\/logo_asoc-01.png","width":275,"height":50,"caption":"Asociaci\u00f3n Vida Patz\u00fan"},"image":{"@id":"https:\/\/misionintegralvida.org\/es\/#\/schema\/logo\/image\/"}},{"@type":"Person","@id":"https:\/\/misionintegralvida.org\/es\/#\/schema\/person\/58e5e916373f6ff36b8786770ac97666","name":"Misi\u00f3n Integral Vida","image":{"@type":"ImageObject","inLanguage":"es","@id":"https:\/\/misionintegralvida.org\/es\/#\/schema\/person\/image\/","url":"https:\/\/secure.gravatar.com\/avatar\/ef21bfebe62652f02a4e3d38bc78f5ad?s=96&d=mm&r=g","contentUrl":"https:\/\/secure.gravatar.com\/avatar\/ef21bfebe62652f02a4e3d38bc78f5ad?s=96&d=mm&r=g","caption":"Misi\u00f3n Integral Vida"},"sameAs":["https:\/\/misionintegralvida.org\/es"],"url":"https:\/\/misionintegralvida.org\/es\/author\/mision_v_a\/"}]}},"_links":{"self":[{"href":"https:\/\/misionintegralvida.org\/es\/wp-json\/wp\/v2\/posts\/21259","targetHints":{"allow":["GET"]}}],"collection":[{"href":"https:\/\/misionintegralvida.org\/es\/wp-json\/wp\/v2\/posts"}],"about":[{"href":"https:\/\/misionintegralvida.org\/es\/wp-json\/wp\/v2\/types\/post"}],"author":[{"embeddable":true,"href":"https:\/\/misionintegralvida.org\/es\/wp-json\/wp\/v2\/users\/1"}],"replies":[{"embeddable":true,"href":"https:\/\/misionintegralvida.org\/es\/wp-json\/wp\/v2\/comments?post=21259"}],"version-history":[{"count":1,"href":"https:\/\/misionintegralvida.org\/es\/wp-json\/wp\/v2\/posts\/21259\/revisions"}],"predecessor-version":[{"id":21588,"href":"https:\/\/misionintegralvida.org\/es\/wp-json\/wp\/v2\/posts\/21259\/revisions\/21588"}],"wp:featuredmedia":[{"embeddable":true,"href":"https:\/\/misionintegralvida.org\/es\/wp-json\/wp\/v2\/media\/21252"}],"wp:attachment":[{"href":"https:\/\/misionintegralvida.org\/es\/wp-json\/wp\/v2\/media?parent=21259"}],"wp:term":[{"taxonomy":"category","embeddable":true,"href":"https:\/\/misionintegralvida.org\/es\/wp-json\/wp\/v2\/categories?post=21259"},{"taxonomy":"post_tag","embeddable":true,"href":"https:\/\/misionintegralvida.org\/es\/wp-json\/wp\/v2\/tags?post=21259"}],"curies":[{"name":"wp","href":"https:\/\/api.w.org\/{rel}","templated":true}]}}