{"id":20981,"date":"2021-07-26T14:45:23","date_gmt":"2021-07-26T20:45:23","guid":{"rendered":"https:\/\/misionintegralvida.org\/es\/?p=20981"},"modified":"2022-11-15T16:02:20","modified_gmt":"2022-11-15T22:02:20","slug":"granjas-familiares","status":"publish","type":"post","link":"https:\/\/misionintegralvida.org\/es\/proyectos\/granjas-familiares\/","title":{"rendered":"Granjas Familiares"},"content":{"rendered":"<p>En Guatemala, uno de cada dos menores de 5 a\u00f1os sufre desnutrici\u00f3n cr\u00f3nica.<\/p>\n<p>Eso se evidencia ya que el 17 % de nuestros pacientes fueron ni\u00f1os mostrando un alto grado de desnutrici\u00f3n tanto en nuestras cl\u00ednicas como en las escuelas visitadas, estos son temas tratados en las capacitaciones en la red de pastores donde han nacido iniciativas pr\u00e1cticas de misi\u00f3n integral.<\/p>\n<p>Una de ellas es el de granjas familiares donde se da el entrenamiento sobre el manejo de aves, elaboraci\u00f3n de concentrado, micro finanzas, y el acompa\u00f1amiento en el ciclo completo. proveemos las aves de las mejores razas para un doble prop\u00f3sito es decir que provea carne y huevos. el objetivo es que las familias tecnifiquen su pr\u00e1ctica tradicional de tener aves de patio para mejorar su econom\u00eda.<\/p>\n<p><img fetchpriority=\"high\" decoding=\"async\" class=\"aligncenter wp-image-20983 size-full\" src=\"https:\/\/misionintegralvida.org\/es\/wp-content\/uploads\/2021\/07\/granjas-familiares-02.jpg\" alt=\"Granjas Familiares 2\" width=\"700\" height=\"450\" srcset=\"https:\/\/misionintegralvida.org\/es\/wp-content\/uploads\/2021\/07\/granjas-familiares-02.jpg 700w, https:\/\/misionintegralvida.org\/es\/wp-content\/uploads\/2021\/07\/granjas-familiares-02-600x386.jpg 600w, https:\/\/misionintegralvida.org\/es\/wp-content\/uploads\/2021\/07\/granjas-familiares-02-300x193.jpg 300w\" sizes=\"(max-width: 700px) 100vw, 700px\" \/><\/p>\n","protected":false},"excerpt":{"rendered":"<p>En Guatemala, uno de cada dos menores de 5 a\u00f1os sufre desnutrici\u00f3n cr\u00f3nica. Eso se evidencia ya que el 17 % de nuestros pacientes fueron ni\u00f1os mostrando un alto grado de desnutrici\u00f3n tanto en nuestras cl\u00ednicas como en las escuelas visitadas, estos son temas tratados en las capacitaciones en la red de pastores donde han&#8230;<\/p>\n","protected":false},"author":1,"featured_media":20978,"comment_status":"open","ping_status":"open","sticky":false,"template":"","format":"standard","meta":{"footnotes":""},"categories":[109],"tags":[],"class_list":["post-20981","post","type-post","status-publish","format-standard","has-post-thumbnail","hentry","category-proyectos"],"yoast_head":"<!-- This site is optimized with the Yoast SEO plugin v24.6 - https:\/\/yoast.com\/wordpress\/plugins\/seo\/ -->\r\n<title>Granjas Familiares - Asociaci\u00f3n Vida Patz\u00fan<\/title>\r\n<meta name=\"description\" content=\"Una de ellas es el de granjas familiares donde se da el entrenamiento sobre el manejo de aves, elaboraci\u00f3n de concentrado, micro finanzas.\" \/>\r\n<meta name=\"robots\" content=\"index, follow, max-snippet:-1, max-image-preview:large, max-video-preview:-1\" \/>\r\n<link rel=\"canonical\" href=\"https:\/\/misionintegralvida.org\/es\/proyectos\/granjas-familiares\/\" \/>\r\n<meta property=\"og:locale\" content=\"es_ES\" \/>\r\n<meta property=\"og:type\" content=\"article\" \/>\r\n<meta property=\"og:title\" content=\"Granjas Familiares - Asociaci\u00f3n Vida Patz\u00fan\" \/>\r\n<meta property=\"og:description\" content=\"Una de ellas es el de granjas familiares donde se da el entrenamiento sobre el manejo de aves, elaboraci\u00f3n de concentrado, micro finanzas.\" \/>\r\n<meta property=\"og:url\" content=\"https:\/\/misionintegralvida.org\/es\/proyectos\/granjas-familiares\/\" \/>\r\n<meta property=\"og:site_name\" content=\"Asociaci\u00f3n Vida Patz\u00fan\" \/>\r\n<meta property=\"article:published_time\" content=\"2021-07-26T20:45:23+00:00\" \/>\r\n<meta property=\"article:modified_time\" content=\"2022-11-15T22:02:20+00:00\" \/>\r\n<meta property=\"og:image\" content=\"https:\/\/misionintegralvida.org\/es\/wp-content\/uploads\/2021\/07\/granjas-familiares-01.jpg\" \/>\r\n\t<meta property=\"og:image:width\" content=\"700\" \/>\r\n\t<meta property=\"og:image:height\" content=\"450\" \/>\r\n\t<meta property=\"og:image:type\" content=\"image\/jpeg\" \/>\r\n<meta name=\"author\" content=\"Misi\u00f3n Integral Vida\" \/>\r\n<meta name=\"twitter:card\" content=\"summary_large_image\" \/>\r\n<meta name=\"twitter:label1\" content=\"Escrito por\" \/>\n\t<meta name=\"twitter:data1\" content=\"Misi\u00f3n Integral Vida\" \/>\n\t<meta name=\"twitter:label2\" content=\"Tiempo de lectura\" \/>\n\t<meta name=\"twitter:data2\" content=\"1 minuto\" \/>\r\n<script type=\"application\/ld+json\" class=\"yoast-schema-graph\">{\"@context\":\"https:\/\/schema.org\",\"@graph\":[{\"@type\":\"Article\",\"@id\":\"https:\/\/misionintegralvida.org\/es\/proyectos\/granjas-familiares\/#article\",\"isPartOf\":{\"@id\":\"https:\/\/misionintegralvida.org\/es\/proyectos\/granjas-familiares\/\"},\"author\":{\"name\":\"Misi\u00f3n Integral Vida\",\"@id\":\"https:\/\/misionintegralvida.org\/es\/#\/schema\/person\/58e5e916373f6ff36b8786770ac97666\"},\"headline\":\"Granjas Familiares\",\"datePublished\":\"2021-07-26T20:45:23+00:00\",\"dateModified\":\"2022-11-15T22:02:20+00:00\",\"mainEntityOfPage\":{\"@id\":\"https:\/\/misionintegralvida.org\/es\/proyectos\/granjas-familiares\/\"},\"wordCount\":140,\"commentCount\":0,\"publisher\":{\"@id\":\"https:\/\/misionintegralvida.org\/es\/#organization\"},\"image\":{\"@id\":\"https:\/\/misionintegralvida.org\/es\/proyectos\/granjas-familiares\/#primaryimage\"},\"thumbnailUrl\":\"https:\/\/misionintegralvida.org\/es\/wp-content\/uploads\/2021\/07\/granjas-familiares-01.jpg\",\"articleSection\":[\"Proyectos\"],\"inLanguage\":\"es\",\"potentialAction\":[{\"@type\":\"CommentAction\",\"name\":\"Comment\",\"target\":[\"https:\/\/misionintegralvida.org\/es\/proyectos\/granjas-familiares\/#respond\"]}]},{\"@type\":\"WebPage\",\"@id\":\"https:\/\/misionintegralvida.org\/es\/proyectos\/granjas-familiares\/\",\"url\":\"https:\/\/misionintegralvida.org\/es\/proyectos\/granjas-familiares\/\",\"name\":\"Granjas Familiares - Asociaci\u00f3n Vida Patz\u00fan\",\"isPartOf\":{\"@id\":\"https:\/\/misionintegralvida.org\/es\/#website\"},\"primaryImageOfPage\":{\"@id\":\"https:\/\/misionintegralvida.org\/es\/proyectos\/granjas-familiares\/#primaryimage\"},\"image\":{\"@id\":\"https:\/\/misionintegralvida.org\/es\/proyectos\/granjas-familiares\/#primaryimage\"},\"thumbnailUrl\":\"https:\/\/misionintegralvida.org\/es\/wp-content\/uploads\/2021\/07\/granjas-familiares-01.jpg\",\"datePublished\":\"2021-07-26T20:45:23+00:00\",\"dateModified\":\"2022-11-15T22:02:20+00:00\",\"description\":\"Una de ellas es el de granjas familiares donde se da el entrenamiento sobre el manejo de aves, elaboraci\u00f3n de concentrado, micro finanzas.\",\"breadcrumb\":{\"@id\":\"https:\/\/misionintegralvida.org\/es\/proyectos\/granjas-familiares\/#breadcrumb\"},\"inLanguage\":\"es\",\"potentialAction\":[{\"@type\":\"ReadAction\",\"target\":[\"https:\/\/misionintegralvida.org\/es\/proyectos\/granjas-familiares\/\"]}]},{\"@type\":\"ImageObject\",\"inLanguage\":\"es\",\"@id\":\"https:\/\/misionintegralvida.org\/es\/proyectos\/granjas-familiares\/#primaryimage\",\"url\":\"https:\/\/misionintegralvida.org\/es\/wp-content\/uploads\/2021\/07\/granjas-familiares-01.jpg\",\"contentUrl\":\"https:\/\/misionintegralvida.org\/es\/wp-content\/uploads\/2021\/07\/granjas-familiares-01.jpg\",\"width\":700,\"height\":450,\"caption\":\"Granjas Familiares\"},{\"@type\":\"BreadcrumbList\",\"@id\":\"https:\/\/misionintegralvida.org\/es\/proyectos\/granjas-familiares\/#breadcrumb\",\"itemListElement\":[{\"@type\":\"ListItem\",\"position\":1,\"name\":\"Portada\",\"item\":\"https:\/\/misionintegralvida.org\/es\/\"},{\"@type\":\"ListItem\",\"position\":2,\"name\":\"Granjas Familiares\"}]},{\"@type\":\"WebSite\",\"@id\":\"https:\/\/misionintegralvida.org\/es\/#website\",\"url\":\"https:\/\/misionintegralvida.org\/es\/\",\"name\":\"Asociaci\u00f3n Vida Patz\u00fan\",\"description\":\"Creando Soluciones Transformado Vidas en el nombre de Jes\u00fas\",\"publisher\":{\"@id\":\"https:\/\/misionintegralvida.org\/es\/#organization\"},\"potentialAction\":[{\"@type\":\"SearchAction\",\"target\":{\"@type\":\"EntryPoint\",\"urlTemplate\":\"https:\/\/misionintegralvida.org\/es\/?s={search_term_string}\"},\"query-input\":{\"@type\":\"PropertyValueSpecification\",\"valueRequired\":true,\"valueName\":\"search_term_string\"}}],\"inLanguage\":\"es\"},{\"@type\":\"Organization\",\"@id\":\"https:\/\/misionintegralvida.org\/es\/#organization\",\"name\":\"Asociaci\u00f3n Vida Patz\u00fan\",\"url\":\"https:\/\/misionintegralvida.org\/es\/\",\"logo\":{\"@type\":\"ImageObject\",\"inLanguage\":\"es\",\"@id\":\"https:\/\/misionintegralvida.org\/es\/#\/schema\/logo\/image\/\",\"url\":\"https:\/\/misionintegralvida.org\/es\/wp-content\/uploads\/2021\/07\/logo_asoc-01.png\",\"contentUrl\":\"https:\/\/misionintegralvida.org\/es\/wp-content\/uploads\/2021\/07\/logo_asoc-01.png\",\"width\":275,\"height\":50,\"caption\":\"Asociaci\u00f3n Vida Patz\u00fan\"},\"image\":{\"@id\":\"https:\/\/misionintegralvida.org\/es\/#\/schema\/logo\/image\/\"}},{\"@type\":\"Person\",\"@id\":\"https:\/\/misionintegralvida.org\/es\/#\/schema\/person\/58e5e916373f6ff36b8786770ac97666\",\"name\":\"Misi\u00f3n Integral Vida\",\"image\":{\"@type\":\"ImageObject\",\"inLanguage\":\"es\",\"@id\":\"https:\/\/misionintegralvida.org\/es\/#\/schema\/person\/image\/\",\"url\":\"https:\/\/secure.gravatar.com\/avatar\/ef21bfebe62652f02a4e3d38bc78f5ad?s=96&d=mm&r=g\",\"contentUrl\":\"https:\/\/secure.gravatar.com\/avatar\/ef21bfebe62652f02a4e3d38bc78f5ad?s=96&d=mm&r=g\",\"caption\":\"Misi\u00f3n Integral Vida\"},\"sameAs\":[\"https:\/\/misionintegralvida.org\/es\"],\"url\":\"https:\/\/misionintegralvida.org\/es\/author\/mision_v_a\/\"}]}<\/script>\r\n<!-- \/ Yoast SEO plugin. -->","yoast_head_json":{"title":"Granjas Familiares - Asociaci\u00f3n Vida Patz\u00fan","description":"Una de ellas es el de granjas familiares donde se da el entrenamiento sobre el manejo de aves, elaboraci\u00f3n de concentrado, micro finanzas.","robots":{"index":"index","follow":"follow","max-snippet":"max-snippet:-1","max-image-preview":"max-image-preview:large","max-video-preview":"max-video-preview:-1"},"canonical":"https:\/\/misionintegralvida.org\/es\/proyectos\/granjas-familiares\/","og_locale":"es_ES","og_type":"article","og_title":"Granjas Familiares - Asociaci\u00f3n Vida Patz\u00fan","og_description":"Una de ellas es el de granjas familiares donde se da el entrenamiento sobre el manejo de aves, elaboraci\u00f3n de concentrado, micro finanzas.","og_url":"https:\/\/misionintegralvida.org\/es\/proyectos\/granjas-familiares\/","og_site_name":"Asociaci\u00f3n Vida Patz\u00fan","article_published_time":"2021-07-26T20:45:23+00:00","article_modified_time":"2022-11-15T22:02:20+00:00","og_image":[{"width":700,"height":450,"url":"https:\/\/misionintegralvida.org\/es\/wp-content\/uploads\/2021\/07\/granjas-familiares-01.jpg","type":"image\/jpeg"}],"author":"Misi\u00f3n Integral Vida","twitter_card":"summary_large_image","twitter_misc":{"Escrito por":"Misi\u00f3n Integral Vida","Tiempo de lectura":"1 minuto"},"schema":{"@context":"https:\/\/schema.org","@graph":[{"@type":"Article","@id":"https:\/\/misionintegralvida.org\/es\/proyectos\/granjas-familiares\/#article","isPartOf":{"@id":"https:\/\/misionintegralvida.org\/es\/proyectos\/granjas-familiares\/"},"author":{"name":"Misi\u00f3n Integral Vida","@id":"https:\/\/misionintegralvida.org\/es\/#\/schema\/person\/58e5e916373f6ff36b8786770ac97666"},"headline":"Granjas Familiares","datePublished":"2021-07-26T20:45:23+00:00","dateModified":"2022-11-15T22:02:20+00:00","mainEntityOfPage":{"@id":"https:\/\/misionintegralvida.org\/es\/proyectos\/granjas-familiares\/"},"wordCount":140,"commentCount":0,"publisher":{"@id":"https:\/\/misionintegralvida.org\/es\/#organization"},"image":{"@id":"https:\/\/misionintegralvida.org\/es\/proyectos\/granjas-familiares\/#primaryimage"},"thumbnailUrl":"https:\/\/misionintegralvida.org\/es\/wp-content\/uploads\/2021\/07\/granjas-familiares-01.jpg","articleSection":["Proyectos"],"inLanguage":"es","potentialAction":[{"@type":"CommentAction","name":"Comment","target":["https:\/\/misionintegralvida.org\/es\/proyectos\/granjas-familiares\/#respond"]}]},{"@type":"WebPage","@id":"https:\/\/misionintegralvida.org\/es\/proyectos\/granjas-familiares\/","url":"https:\/\/misionintegralvida.org\/es\/proyectos\/granjas-familiares\/","name":"Granjas Familiares - Asociaci\u00f3n Vida Patz\u00fan","isPartOf":{"@id":"https:\/\/misionintegralvida.org\/es\/#website"},"primaryImageOfPage":{"@id":"https:\/\/misionintegralvida.org\/es\/proyectos\/granjas-familiares\/#primaryimage"},"image":{"@id":"https:\/\/misionintegralvida.org\/es\/proyectos\/granjas-familiares\/#primaryimage"},"thumbnailUrl":"https:\/\/misionintegralvida.org\/es\/wp-content\/uploads\/2021\/07\/granjas-familiares-01.jpg","datePublished":"2021-07-26T20:45:23+00:00","dateModified":"2022-11-15T22:02:20+00:00","description":"Una de ellas es el de granjas familiares donde se da el entrenamiento sobre el manejo de aves, elaboraci\u00f3n de concentrado, micro finanzas.","breadcrumb":{"@id":"https:\/\/misionintegralvida.org\/es\/proyectos\/granjas-familiares\/#breadcrumb"},"inLanguage":"es","potentialAction":[{"@type":"ReadAction","target":["https:\/\/misionintegralvida.org\/es\/proyectos\/granjas-familiares\/"]}]},{"@type":"ImageObject","inLanguage":"es","@id":"https:\/\/misionintegralvida.org\/es\/proyectos\/granjas-familiares\/#primaryimage","url":"https:\/\/misionintegralvida.org\/es\/wp-content\/uploads\/2021\/07\/granjas-familiares-01.jpg","contentUrl":"https:\/\/misionintegralvida.org\/es\/wp-content\/uploads\/2021\/07\/granjas-familiares-01.jpg","width":700,"height":450,"caption":"Granjas Familiares"},{"@type":"BreadcrumbList","@id":"https:\/\/misionintegralvida.org\/es\/proyectos\/granjas-familiares\/#breadcrumb","itemListElement":[{"@type":"ListItem","position":1,"name":"Portada","item":"https:\/\/misionintegralvida.org\/es\/"},{"@type":"ListItem","position":2,"name":"Granjas Familiares"}]},{"@type":"WebSite","@id":"https:\/\/misionintegralvida.org\/es\/#website","url":"https:\/\/misionintegralvida.org\/es\/","name":"Asociaci\u00f3n Vida Patz\u00fan","description":"Creando Soluciones Transformado Vidas en el nombre de Jes\u00fas","publisher":{"@id":"https:\/\/misionintegralvida.org\/es\/#organization"},"potentialAction":[{"@type":"SearchAction","target":{"@type":"EntryPoint","urlTemplate":"https:\/\/misionintegralvida.org\/es\/?s={search_term_string}"},"query-input":{"@type":"PropertyValueSpecification","valueRequired":true,"valueName":"search_term_string"}}],"inLanguage":"es"},{"@type":"Organization","@id":"https:\/\/misionintegralvida.org\/es\/#organization","name":"Asociaci\u00f3n Vida Patz\u00fan","url":"https:\/\/misionintegralvida.org\/es\/","logo":{"@type":"ImageObject","inLanguage":"es","@id":"https:\/\/misionintegralvida.org\/es\/#\/schema\/logo\/image\/","url":"https:\/\/misionintegralvida.org\/es\/wp-content\/uploads\/2021\/07\/logo_asoc-01.png","contentUrl":"https:\/\/misionintegralvida.org\/es\/wp-content\/uploads\/2021\/07\/logo_asoc-01.png","width":275,"height":50,"caption":"Asociaci\u00f3n Vida Patz\u00fan"},"image":{"@id":"https:\/\/misionintegralvida.org\/es\/#\/schema\/logo\/image\/"}},{"@type":"Person","@id":"https:\/\/misionintegralvida.org\/es\/#\/schema\/person\/58e5e916373f6ff36b8786770ac97666","name":"Misi\u00f3n Integral Vida","image":{"@type":"ImageObject","inLanguage":"es","@id":"https:\/\/misionintegralvida.org\/es\/#\/schema\/person\/image\/","url":"https:\/\/secure.gravatar.com\/avatar\/ef21bfebe62652f02a4e3d38bc78f5ad?s=96&d=mm&r=g","contentUrl":"https:\/\/secure.gravatar.com\/avatar\/ef21bfebe62652f02a4e3d38bc78f5ad?s=96&d=mm&r=g","caption":"Misi\u00f3n Integral Vida"},"sameAs":["https:\/\/misionintegralvida.org\/es"],"url":"https:\/\/misionintegralvida.org\/es\/author\/mision_v_a\/"}]}},"_links":{"self":[{"href":"https:\/\/misionintegralvida.org\/es\/wp-json\/wp\/v2\/posts\/20981","targetHints":{"allow":["GET"]}}],"collection":[{"href":"https:\/\/misionintegralvida.org\/es\/wp-json\/wp\/v2\/posts"}],"about":[{"href":"https:\/\/misionintegralvida.org\/es\/wp-json\/wp\/v2\/types\/post"}],"author":[{"embeddable":true,"href":"https:\/\/misionintegralvida.org\/es\/wp-json\/wp\/v2\/users\/1"}],"replies":[{"embeddable":true,"href":"https:\/\/misionintegralvida.org\/es\/wp-json\/wp\/v2\/comments?post=20981"}],"version-history":[{"count":1,"href":"https:\/\/misionintegralvida.org\/es\/wp-json\/wp\/v2\/posts\/20981\/revisions"}],"predecessor-version":[{"id":21672,"href":"https:\/\/misionintegralvida.org\/es\/wp-json\/wp\/v2\/posts\/20981\/revisions\/21672"}],"wp:featuredmedia":[{"embeddable":true,"href":"https:\/\/misionintegralvida.org\/es\/wp-json\/wp\/v2\/media\/20978"}],"wp:attachment":[{"href":"https:\/\/misionintegralvida.org\/es\/wp-json\/wp\/v2\/media?parent=20981"}],"wp:term":[{"taxonomy":"category","embeddable":true,"href":"https:\/\/misionintegralvida.org\/es\/wp-json\/wp\/v2\/categories?post=20981"},{"taxonomy":"post_tag","embeddable":true,"href":"https:\/\/misionintegralvida.org\/es\/wp-json\/wp\/v2\/tags?post=20981"}],"curies":[{"name":"wp","href":"https:\/\/api.w.org\/{rel}","templated":true}]}}